{"id":1306,"date":"2025-05-04T22:53:26","date_gmt":"2025-05-04T20:53:26","guid":{"rendered":"https:\/\/morino-orchester.net\/?p=1306"},"modified":"2025-05-04T22:53:26","modified_gmt":"2025-05-04T20:53:26","slug":"ein-musikalisches-feuerwerk","status":"publish","type":"post","link":"https:\/\/morino-orchester.net\/?p=1306","title":{"rendered":"Ein musikalisches Feuerwerk!"},"content":{"rendered":"<p>Das Konzert haben wir mit dem Feuerreiter-Marsch, also quasi mit einem bombastischen musikalischen Feuerwerk er\u00f6ffnet. H\u00e4tte es nicht so sommerliche Temperaturen und strahlenden Sonnenschein gegeben, man h\u00e4tte meinen k\u00f6nnen, es ist Silvester. Mit der Ouverture furiant haben wir gleich die n\u00e4chste Rakete gez\u00fcndet, um dann im Glitzer Johann Strau\u00df mit dem Fr\u00fchlingsstimmenwalzer zu w\u00fcrdigen. In diesem Sinne ging es weiter, ein musikaliser Genu\u00df folgte dem anderen.<\/p>\n<p>Ihren ersten Auftritt im Rahmen des Konzerts hatten &#8220;Die 4 F\u00fcrsten&#8221; &#8211; ein Jugend &#8211; Kammermusikensemble mit 3 Akkordeons und einem Schlagwerk. Sie haben echt cool gespielt und das Publikum mit ihrem K\u00f6nnen in Staunen versetzt. Das w\u00fcrden wir n\u00e4chstes Jahr gerne wiederholen. Schon des \u00f6fteren wiederholt hat das Jugend-Akkordeon-Orchester seinen Auftritt. Unter der Leitung von Angelika Senkl haben diese jungen Musikerinnen und Musiker, die j\u00fcngste gerade mal 5 Jahre alt, zuerst eine wundersch\u00f6ne Ballade intoniert und dann das rockige Summer of 69, passend zur sommerlichen Temperatur drau\u00dfen, in die Stadthalle geschmettert.<\/p>\n<p>Jedes Jahr freuen wir uns aufs Neue, wenn es wieder hei\u00dft, dass &#8220;unser&#8221; Vokal-Quartett Tina und Nicki Freiberger, Herbert Lenz und G\u00fcnther Freiberger mitsingt. Es ist so eine sch\u00f6ne Tradition geworden und bereichert unsere Konzerte ungemein. Heuer war sicherlich Gabriela\u00b4s Song das Highlight, wurde er doch in der Originalsprache schwedisch gesungen. Ein G\u00e4nsehautmoment!<\/p>\n<p>Wie schon bew\u00e4hrt, hat auch heuer wieder Tina Freiberger mit ihrer Moderation durch den Abend und das Programm gef\u00fchrt. F\u00fcr den passenden Ton hat Franz H\u00f6tzl und f\u00fcr das passende Licht hat Ludwig Freiberger gesorgt. Wie jedes Jahr: Wir danken euch daf\u00fcr! Und wir danken all jenen, die zu uns ins Konzert gekommen sind und uns mit ihrem Applaus das sch\u00f6nste Geschenk gemacht haben.<\/p>\n<p>Uns gibts zum Wiederh\u00f6ren und Wiedersehen am 5. Juli 2025 in Feldbach und am 12. Juli am Hauptplatz in F\u00fcrstenfeld. Wir freuen uns!<\/p>\nngg_shortcode_0_placeholder\n","protected":false},"excerpt":{"rendered":"<p>Das Konzert haben wir mit dem Feuerreiter-Marsch, also quasi mit einem bombastischen musikalischen Feuerwerk er\u00f6ffnet. H\u00e4tte es nicht so sommerliche Temperaturen und strahlenden Sonnenschein gegeben, man h\u00e4tte meinen k\u00f6nnen, es ist Silvester. Mit der Ouverture[&#8230;]<\/p>\n","protected":false},"author":2,"featured_media":1343,"comment_status":"closed","ping_status":"closed","sticky":false,"template":"","format":"standard","meta":{"ngg_post_thumbnail":0,"footnotes":""},"categories":[1],"tags":[],"class_list":["post-1306","post","type-post","status-publish","format-standard","has-post-thumbnail","hentry","category-allgemein"],"_links":{"self":[{"href":"https:\/\/morino-orchester.net\/index.php?rest_route=\/wp\/v2\/posts\/1306","targetHints":{"allow":["GET"]}}],"collection":[{"href":"https:\/\/morino-orchester.net\/index.php?rest_route=\/wp\/v2\/posts"}],"about":[{"href":"https:\/\/morino-orchester.net\/index.php?rest_route=\/wp\/v2\/types\/post"}],"author":[{"embeddable":true,"href":"https:\/\/morino-orchester.net\/index.php?rest_route=\/wp\/v2\/users\/2"}],"replies":[{"embeddable":true,"href":"https:\/\/morino-orchester.net\/index.php?rest_route=%2Fwp%2Fv2%2Fcomments&post=1306"}],"version-history":[{"count":4,"href":"https:\/\/morino-orchester.net\/index.php?rest_route=\/wp\/v2\/posts\/1306\/revisions"}],"predecessor-version":[{"id":1344,"href":"https:\/\/morino-orchester.net\/index.php?rest_route=\/wp\/v2\/posts\/1306\/revisions\/1344"}],"wp:featuredmedia":[{"embeddable":true,"href":"https:\/\/morino-orchester.net\/index.php?rest_route=\/wp\/v2\/media\/1343"}],"wp:attachment":[{"href":"https:\/\/morino-orchester.net\/index.php?rest_route=%2Fwp%2Fv2%2Fmedia&parent=1306"}],"wp:term":[{"taxonomy":"category","embeddable":true,"href":"https:\/\/morino-orchester.net\/index.php?rest_route=%2Fwp%2Fv2%2Fcategories&post=1306"},{"taxonomy":"post_tag","embeddable":true,"href":"https:\/\/morino-orchester.net\/index.php?rest_route=%2Fwp%2Fv2%2Ftags&post=1306"}],"curies":[{"name":"wp","href":"https:\/\/api.w.org\/{rel}","templated":true}]}}