{"id":1288,"date":"2025-04-13T21:11:38","date_gmt":"2025-04-13T19:11:38","guid":{"rendered":"https:\/\/morino-orchester.net\/?p=1288"},"modified":"2025-04-13T22:01:37","modified_gmt":"2025-04-13T20:01:37","slug":"fruehjahrskonzert-2025-27-4-2025-1700","status":"publish","type":"post","link":"https:\/\/morino-orchester.net\/?p=1288","title":{"rendered":"Fr\u00fchjahrskonzert 2025 27.4.2025 17:00"},"content":{"rendered":"<p>Es ist wieder soweit! Am Sonntag, den 27.4.2025 gibt\u00b4s f\u00fcr euch in der Stadthalle F\u00fcrstenfeld wieder bunt gemischte Musik von der Klassik bis hin zu Pop. Ab 17:00 Uhr werden unsere Finger flink \u00fcber die Tasten springen und wunderbare Melodien aus unseren Akkordeons zaubern. Freilich sind wieder das Vokalensemble mit Tina, Nicki, G\u00fcnther und Herbert sowie die vier F\u00fcrsten &amp; das Akkordeonensemble der Franz-Schubert-Musikschule F\u00fcrstenfeld mit uns auf der B\u00fchne. Wir freuen uns!<\/p>\n<p>Saaleinlass ist ab 16:00 Uhr; Karten gibt\u00b4s beim Vulkan&amp;Thermenlandb\u00fcro, bei Morino-Mitgliedern und vor Ort<\/p>\n<p><a href=\"https:\/\/morino-orchester.net\/wp-content\/uploads\/Plakat_2025.pdf\" target=\"_blank\" rel=\"noopener\"><img loading=\"lazy\" decoding=\"async\" class=\"alignnone size-medium wp-image-1290\" src=\"https:\/\/morino-orchester.net\/wp-content\/uploads\/Plakat_2025-220x300.jpg\" alt=\"\" width=\"220\" height=\"300\" srcset=\"https:\/\/morino-orchester.net\/wp-content\/uploads\/Plakat_2025-220x300.jpg 220w, https:\/\/morino-orchester.net\/wp-content\/uploads\/Plakat_2025-751x1024.jpg 751w, https:\/\/morino-orchester.net\/wp-content\/uploads\/Plakat_2025-235x320.jpg 235w, https:\/\/morino-orchester.net\/wp-content\/uploads\/Plakat_2025-768x1047.jpg 768w, https:\/\/morino-orchester.net\/wp-content\/uploads\/Plakat_2025-1127x1536.jpg 1127w, https:\/\/morino-orchester.net\/wp-content\/uploads\/Plakat_2025-1502x2048.jpg 1502w, https:\/\/morino-orchester.net\/wp-content\/uploads\/Plakat_2025-370x504.jpg 370w, https:\/\/morino-orchester.net\/wp-content\/uploads\/Plakat_2025-1040x1418.jpg 1040w, https:\/\/morino-orchester.net\/wp-content\/uploads\/Plakat_2025-scaled.jpg 1878w\" sizes=\"auto, (max-width: 220px) 100vw, 220px\" \/><\/a><\/p>\n","protected":false},"excerpt":{"rendered":"<p>Es ist wieder soweit! Am Sonntag, den 27.4.2025 gibt\u00b4s f\u00fcr euch in der Stadthalle F\u00fcrstenfeld wieder bunt gemischte Musik von der Klassik bis hin zu Pop. Ab 17:00 Uhr werden unsere Finger flink \u00fcber die[&#8230;]<\/p>\n","protected":false},"author":2,"featured_media":1303,"comment_status":"closed","ping_status":"closed","sticky":false,"template":"","format":"image","meta":{"ngg_post_thumbnail":0,"footnotes":""},"categories":[1],"tags":[18,21,16],"class_list":["post-1288","post","type-post","status-publish","format-image","has-post-thumbnail","hentry","category-allgemein","tag-akkordeonorchester","tag-konzert-2025","tag-morino","post_format-post-format-image"],"_links":{"self":[{"href":"https:\/\/morino-orchester.net\/index.php?rest_route=\/wp\/v2\/posts\/1288","targetHints":{"allow":["GET"]}}],"collection":[{"href":"https:\/\/morino-orchester.net\/index.php?rest_route=\/wp\/v2\/posts"}],"about":[{"href":"https:\/\/morino-orchester.net\/index.php?rest_route=\/wp\/v2\/types\/post"}],"author":[{"embeddable":true,"href":"https:\/\/morino-orchester.net\/index.php?rest_route=\/wp\/v2\/users\/2"}],"replies":[{"embeddable":true,"href":"https:\/\/morino-orchester.net\/index.php?rest_route=%2Fwp%2Fv2%2Fcomments&post=1288"}],"version-history":[{"count":7,"href":"https:\/\/morino-orchester.net\/index.php?rest_route=\/wp\/v2\/posts\/1288\/revisions"}],"predecessor-version":[{"id":1304,"href":"https:\/\/morino-orchester.net\/index.php?rest_route=\/wp\/v2\/posts\/1288\/revisions\/1304"}],"wp:featuredmedia":[{"embeddable":true,"href":"https:\/\/morino-orchester.net\/index.php?rest_route=\/wp\/v2\/media\/1303"}],"wp:attachment":[{"href":"https:\/\/morino-orchester.net\/index.php?rest_route=%2Fwp%2Fv2%2Fmedia&parent=1288"}],"wp:term":[{"taxonomy":"category","embeddable":true,"href":"https:\/\/morino-orchester.net\/index.php?rest_route=%2Fwp%2Fv2%2Fcategories&post=1288"},{"taxonomy":"post_tag","embeddable":true,"href":"https:\/\/morino-orchester.net\/index.php?rest_route=%2Fwp%2Fv2%2Ftags&post=1288"}],"curies":[{"name":"wp","href":"https:\/\/api.w.org\/{rel}","templated":true}]}}